{"id":48,"date":"2014-06-24T09:39:05","date_gmt":"2014-06-24T07:39:05","guid":{"rendered":"http:\/\/www.rosaannavillani.it\/blog\/?p=48"},"modified":"2020-05-01T12:11:52","modified_gmt":"2020-05-01T10:11:52","slug":"paura-di-guarire","status":"publish","type":"post","link":"https:\/\/www.rosaannavillani.it\/blog\/archives\/48","title":{"rendered":"Paura di guarire."},"content":{"rendered":"<p>Oggi voglio riprendere un articolo di Riza Psicosomatica.<\/p>\n<h1>La paura di guarire che genera ansia<\/h1>\n<p>&nbsp;<\/p>\n<p><a href=\"https:\/\/www.rosaannavillani.it\/blog\/wp-content\/uploads\/2014\/06\/ansia-sera.jpg\"><img loading=\"lazy\" decoding=\"async\" class=\"alignnone size-medium wp-image-49\" src=\"https:\/\/www.rosaannavillani.it\/blog\/wp-content\/uploads\/2014\/06\/ansia-sera-300x194.jpg\" alt=\"ansia-sera\" width=\"300\" height=\"194\" srcset=\"https:\/\/www.rosaannavillani.it\/blog\/wp-content\/uploads\/2014\/06\/ansia-sera-300x194.jpg 300w, https:\/\/www.rosaannavillani.it\/blog\/wp-content\/uploads\/2014\/06\/ansia-sera.jpg 500w\" sizes=\"auto, (max-width: 300px) 100vw, 300px\" \/><\/a><\/p>\n<p class=\"western\" align=\"justify\"><span style=\"font-family: Times New Roman,serif;\"><span style=\"font-size: medium;\">Sembra impossibile, eppure questo timore colpisce molte persone: si tratta di una forma di ansia particolare che rivela un tratto di immaturit\u00e0 facilmente superabile&#8230;<\/span><\/span><\/p>\n<p class=\"western\" align=\"justify\"><span style=\"font-family: Times New Roman,serif;\"><span style=\"font-size: medium;\">Si pu\u00f2 aver paura di stare bene? Di tornare a essere forti e sani? Di affermarsi e aver successo? S\u00ec, ed \u00e8 pi\u00f9 frequente di quanto si pensi. <\/span><\/span><strong><span style=\"font-family: Times New Roman,serif;\"><span style=\"font-size: medium;\">\u00c8 una forma particolare di ansia<\/span><\/span><\/strong><span style=\"font-family: Times New Roman,serif;\"><span style=\"font-size: medium;\">, un po\u2019 anticipatoria e un po\u2019 da prestazione, <\/span><\/span><strong><span style=\"font-family: Times New Roman,serif;\"><span style=\"font-size: medium;\">per la quale una persona che razionalmente vuole certamente uscire da uno stato di malessere o di crisi si ritrova bloccata dall\u2019idea stessa di raggiungere la meta<\/span><\/span><\/strong><span style=\"font-family: Times New Roman,serif;\"><span style=\"font-size: medium;\">. Questa persona si impegna per mettersi nella condizione di spiccare nuovamente il volo, ma al momento di fare il salto qualcosa la ferma e la fa ristagnare nella situazione in cui si trova. Ma ci\u00f2 che crea questa ansia non \u00e8 la meta in se stessa, quanto piuttosto le conseguenze che il suo raggiungimento implica, e cio\u00e8 il timore di non riuscire a confermare il miglioramento ottenuto, di dover restare \u201ca quei livelli\u201d senza potersi concedere altre crisi o pause. A volte entra in gioco, oltre all\u2019ansia, anche un altro fattore: la pigrizia. Non si ha voglia di fare \u201cla fatica di vivere con pienezza\u201d, di mettersi veramente in gioco, perch\u00e9 tutto sommato il malessere nel quale ci si trova offre l\u2019opportunit\u00e0 di tirarsi indietro quando si vuole.<\/span><\/span><\/p>\n<p class=\"western\" align=\"justify\"><strong><span style=\"font-family: Times New Roman,serif;\"><span style=\"font-size: medium;\">Una personalit\u00e0\u2026ancora in erba! <a href=\"https:\/\/www.rosaannavillani.it\/blog\/wp-content\/uploads\/2014\/06\/adolescenza-inquieta-dipinto-di-anna-coppola.jpg\"><img loading=\"lazy\" decoding=\"async\" class=\"alignnone size-medium wp-image-50\" src=\"https:\/\/www.rosaannavillani.it\/blog\/wp-content\/uploads\/2014\/06\/adolescenza-inquieta-dipinto-di-anna-coppola-223x300.jpg\" alt=\"adolescenza-inquieta-dipinto-di-anna-coppola\" width=\"223\" height=\"300\" srcset=\"https:\/\/www.rosaannavillani.it\/blog\/wp-content\/uploads\/2014\/06\/adolescenza-inquieta-dipinto-di-anna-coppola-223x300.jpg 223w, https:\/\/www.rosaannavillani.it\/blog\/wp-content\/uploads\/2014\/06\/adolescenza-inquieta-dipinto-di-anna-coppola.jpg 268w\" sizes=\"auto, (max-width: 223px) 100vw, 223px\" \/><\/a><\/span><\/span><\/strong><\/p>\n<p class=\"western\" align=\"justify\"><span style=\"font-family: Times New Roman,serif;\"><span style=\"font-size: medium;\">Questo schema, che emerge spesso in psicoterapia, rivela un tratto ancora adolescenziale della persona, in cui a una scarsa conoscenza delle proprie risorse si associano una grande paura del giudizio altrui, un\u2019inconsapevole tendenza al perfezionismo e un senso di responsabilit\u00e0 verso se stessi piuttosto acerbo.\u00a0 Questa paura di vivere pu\u00f2 riguardare le situazioni pi\u00f9 diverse: c\u2019\u00e8 chi teme di tornare a stare bene perch\u00e9 non avr\u00e0 pi\u00f9 scuse per sottrarsi a ci\u00f2 che non gli piace, chi teme di raggiungere la felicit\u00e0 per paura di perderla, di vincere sul lavoro perch\u00e9 poi dovr\u00e0 mantenere quello standard. \u00c8 il terrore di farcela, si vorrebbe vincere solo quella volta e, per magia, non rischiare mai pi\u00f9 di perdere, di essere giudicati, di cadere. Cosa ovviamente impossibile. Vincere questa paura ha un grande significato, perch\u00e9 non risolve solo la situazione specifica ma fa ripartire lo sviluppo psicologico della persona nella sua globalit\u00e0. La maturit\u00e0 non \u00e8 confermarsi \u201call\u2019altezza\u201d, ma affrontare la vita di volta in volta.<\/span><\/span><\/p>\n<p class=\"western\" align=\"justify\"><strong><span style=\"font-family: Times New Roman,serif;\"><span style=\"font-size: medium;\">Le domande da farsi per uscirne<\/span><\/span><\/strong><\/p>\n<p class=\"western\" align=\"justify\"><strong><span style=\"font-family: Times New Roman,serif;\"><span style=\"font-size: medium;\">Diventare grandi <a href=\"https:\/\/www.rosaannavillani.it\/blog\/wp-content\/uploads\/2014\/06\/adulta.jpg\"><img loading=\"lazy\" decoding=\"async\" class=\"alignnone size-medium wp-image-51\" src=\"https:\/\/www.rosaannavillani.it\/blog\/wp-content\/uploads\/2014\/06\/adulta-216x300.jpg\" alt=\"adulta\" width=\"216\" height=\"300\" srcset=\"https:\/\/www.rosaannavillani.it\/blog\/wp-content\/uploads\/2014\/06\/adulta-216x300.jpg 216w, https:\/\/www.rosaannavillani.it\/blog\/wp-content\/uploads\/2014\/06\/adulta-738x1024.jpg 738w, https:\/\/www.rosaannavillani.it\/blog\/wp-content\/uploads\/2014\/06\/adulta.jpg 1407w\" sizes=\"auto, (max-width: 216px) 100vw, 216px\" \/><\/a><\/span><\/span><\/strong><\/p>\n<p class=\"western\" align=\"justify\"><span style=\"font-family: Times New Roman,serif;\"><span style=\"font-size: medium;\">Restare incagliati fra la voglia di farcela e la paura di riuscire crea un logorante attrito interiore. \u00c8 il momento di scegliere se vivere veramente o soltanto sopravvivere. \u00c8 meglio affrontare problemi nuovi e reali o ristagnare nel tepore del compromesso o del malessere conosciuto?<\/span><\/span><\/p>\n<p class=\"western\" align=\"justify\"><strong><span style=\"font-family: Times New Roman,serif;\"><span style=\"font-size: medium;\">Largo alla curiosit\u00e0 <\/span><\/span><\/strong><\/p>\n<p class=\"western\" align=\"justify\"><span style=\"font-family: Times New Roman,serif;\"><span style=\"font-size: medium;\">Non puoi sapere come sar\u00e0 la vita, se ritornerai a star bene o ad avere pieno successo. Le ipotesi che fai oggi, basate sul tuo stato attuale di paura, non possono essere realistiche. La vita sorprende sempre e nulla \u00e8 come lo immaginiamo prima. Sii curioso: hai solo da guadagnare.<\/span><\/span><\/p>\n<p class=\"western\" align=\"justify\"><strong><span style=\"font-family: Times New Roman,serif;\"><span style=\"font-size: medium;\">Sciogli i tuoi nodi una volta per tutte <\/span><\/span><\/strong><\/p>\n<p class=\"western\" align=\"justify\"><strong><span style=\"font-family: Times New Roman,serif;\"><span style=\"font-size: medium;\"><a href=\"https:\/\/www.rosaannavillani.it\/blog\/wp-content\/uploads\/2014\/06\/Alessandra-Cuccagna__I-NODI-SI-POSSONO-SCIOGLIERE_g.jpg\"><img loading=\"lazy\" decoding=\"async\" class=\"alignnone size-medium wp-image-52\" src=\"https:\/\/www.rosaannavillani.it\/blog\/wp-content\/uploads\/2014\/06\/Alessandra-Cuccagna__I-NODI-SI-POSSONO-SCIOGLIERE_g-300x185.jpg\" alt=\"Alessandra-Cuccagna__I-NODI-SI-POSSONO-SCIOGLIERE_g\" width=\"300\" height=\"185\" srcset=\"https:\/\/www.rosaannavillani.it\/blog\/wp-content\/uploads\/2014\/06\/Alessandra-Cuccagna__I-NODI-SI-POSSONO-SCIOGLIERE_g-300x185.jpg 300w, https:\/\/www.rosaannavillani.it\/blog\/wp-content\/uploads\/2014\/06\/Alessandra-Cuccagna__I-NODI-SI-POSSONO-SCIOGLIERE_g.jpg 800w\" sizes=\"auto, (max-width: 300px) 100vw, 300px\" \/><\/a><br \/>\n<\/span><\/span><\/strong><\/p>\n<p class=\"western\" align=\"justify\"><span style=\"font-family: Times New Roman,serif;\"><span style=\"font-size: medium;\">Se la tua resistenza a spiccare il volo \u00e8 davvero molto forte, \u00e8 possibile che il problema risieda in un grande timore di essere giudicato, anche da te stesso. La psicoterapia pu\u00f2 aiutarti a comprendere come sciogliere questo nodo, che quasi sempre si \u00e8 creato nell\u2019infanzia o nell\u2019adolescenza, e a sviluppare una maggiore determinazione<\/span><\/span><\/p>\n<p>&nbsp;<\/p>\n","protected":false},"excerpt":{"rendered":"<p>Oggi voglio riprendere un articolo di Riza Psicosomatica. La paura di guarire che genera ansia &nbsp; Sembra impossibile, eppure questo timore colpisce molte persone: si tratta di una forma di ansia particolare che rivela un tratto di immaturit\u00e0 facilmente superabile&#8230; Si pu\u00f2 aver paura di stare bene? Di tornare a essere forti e sani? Di &hellip; <a href=\"https:\/\/www.rosaannavillani.it\/blog\/archives\/48\" class=\"more-link\">Continua la lettura di <span class=\"screen-reader-text\">Paura di guarire.<\/span> <span class=\"meta-nav\">&rarr;<\/span><\/a><\/p>\n","protected":false},"author":1,"featured_media":0,"comment_status":"open","ping_status":"open","sticky":false,"template":"","format":"standard","meta":{"footnotes":""},"categories":[7],"tags":[],"class_list":["post-48","post","type-post","status-publish","format-standard","hentry","category-emozioni"],"_links":{"self":[{"href":"https:\/\/www.rosaannavillani.it\/blog\/wp-json\/wp\/v2\/posts\/48","targetHints":{"allow":["GET"]}}],"collection":[{"href":"https:\/\/www.rosaannavillani.it\/blog\/wp-json\/wp\/v2\/posts"}],"about":[{"href":"https:\/\/www.rosaannavillani.it\/blog\/wp-json\/wp\/v2\/types\/post"}],"author":[{"embeddable":true,"href":"https:\/\/www.rosaannavillani.it\/blog\/wp-json\/wp\/v2\/users\/1"}],"replies":[{"embeddable":true,"href":"https:\/\/www.rosaannavillani.it\/blog\/wp-json\/wp\/v2\/comments?post=48"}],"version-history":[{"count":1,"href":"https:\/\/www.rosaannavillani.it\/blog\/wp-json\/wp\/v2\/posts\/48\/revisions"}],"predecessor-version":[{"id":53,"href":"https:\/\/www.rosaannavillani.it\/blog\/wp-json\/wp\/v2\/posts\/48\/revisions\/53"}],"wp:attachment":[{"href":"https:\/\/www.rosaannavillani.it\/blog\/wp-json\/wp\/v2\/media?parent=48"}],"wp:term":[{"taxonomy":"category","embeddable":true,"href":"https:\/\/www.rosaannavillani.it\/blog\/wp-json\/wp\/v2\/categories?post=48"},{"taxonomy":"post_tag","embeddable":true,"href":"https:\/\/www.rosaannavillani.it\/blog\/wp-json\/wp\/v2\/tags?post=48"}],"curies":[{"name":"wp","href":"https:\/\/api.w.org\/{rel}","templated":true}]}}