{"id":6,"date":"2014-06-11T09:38:09","date_gmt":"2014-06-11T07:38:09","guid":{"rendered":"http:\/\/www.rosaannavillani.it\/blog\/?p=6"},"modified":"2020-05-01T12:07:34","modified_gmt":"2020-05-01T10:07:34","slug":"stili-educativi-e-tipi-di-attaccamento","status":"publish","type":"post","link":"https:\/\/www.rosaannavillani.it\/blog\/archives\/6","title":{"rendered":"Stili Educativi E Tipi di Attaccamento"},"content":{"rendered":"<p class=\"western\" lang=\"zxx\" align=\"justify\"><strong><span style=\"font-family: 'Times New Roman', serif;\"><a href=\"https:\/\/www.rosaannavillani.it\/blog\/wp-content\/uploads\/2014\/06\/rappresentazioni-mentali.jpg\"><img loading=\"lazy\" decoding=\"async\" class=\"alignnone size-full wp-image-7\" src=\"https:\/\/www.rosaannavillani.it\/blog\/wp-content\/uploads\/2014\/06\/rappresentazioni-mentali.jpg\" alt=\"rappresentazioni mentali\" width=\"240\" height=\"184\" \/><\/a>Rappresentazioni mentali:<\/span><\/strong><\/p>\n<p class=\"western\" lang=\"zxx\" align=\"justify\"><span style=\"font-family: 'Times New Roman', serif;\">&#8211; Le prime forme di attaccamento avvengono nei primi rapporti con il mondo circostante, formando dei quadri di riferimento, cio\u00e8 delle rappresentazioni mentali del mondo.<\/span><\/p>\n<p class=\"western\" lang=\"zxx\" align=\"justify\">&#8211; La figura di attaccamento \u00e8 la persona che si prende cura del bambino e rappresenta la sua base sicura.<\/p>\n<p class=\"western\" lang=\"zxx\" align=\"justify\"><span style=\"font-family: 'Times New Roman', serif;\">&#8211; L&#8217;attaccamento si sviluppa nei primi 9 mesi di vita e termina intorno al terzo anno di et\u00e0.<\/span><\/p>\n<p class=\"western\" lang=\"zxx\" align=\"justify\"><span style=\"font-family: 'Times New Roman', serif;\">&#8211; Il modo in cui ci si prende cura del bambino gli permetter\u00e0 di imparare il modo con il quale esplorer\u00e0 ed apprender\u00e0.<\/span><\/p>\n<p class=\"western\" lang=\"zxx\" align=\"justify\"><span style=\"font-family: 'Times New Roman', serif;\">Lo stile educativo adottato dai genitori influisce sullo sviluppo dei figli.<\/span><\/p>\n<p class=\"western\" lang=\"zxx\" align=\"justify\"><span style=\"font-family: 'Times New Roman', serif;\">Per stile educativo si intende quell&#8217;insieme di atteggiamenti che il padre e la madre manifestano nei confronti dei figli che creano il clima emotivo nel quale i genitori attuano i priopri comportamenti specifici, volti ad ottenere determinati risultati educativi.<\/span><\/p>\n<p class=\"western\" lang=\"zxx\" align=\"justify\"><span style=\"font-family: 'Times New Roman', serif;\">Ogni genitore si rapporta con il proprio figlio secondo uno stile educativo preferito, nella gran parte dei casi in modo assolutamente inconsapevole ed istintivo. Questo stile educativo influisce in particolar modo sullo sviluppo di un positivo senso di s\u00e8 e delle competenze personali dei figli.<\/span><\/p>\n<p class=\"western\" lang=\"zxx\" align=\"justify\"><strong>STILE AUTORITARIO:\u00a0<a href=\"https:\/\/www.rosaannavillani.it\/blog\/wp-content\/uploads\/2014\/06\/stile-autoritario.jpg\"><img loading=\"lazy\" decoding=\"async\" class=\"alignnone size-medium wp-image-8\" src=\"https:\/\/www.rosaannavillani.it\/blog\/wp-content\/uploads\/2014\/06\/stile-autoritario-300x225.jpg\" alt=\"stile autoritario\" width=\"300\" height=\"225\" srcset=\"https:\/\/www.rosaannavillani.it\/blog\/wp-content\/uploads\/2014\/06\/stile-autoritario-300x225.jpg 300w, https:\/\/www.rosaannavillani.it\/blog\/wp-content\/uploads\/2014\/06\/stile-autoritario.jpg 960w\" sizes=\"auto, (max-width: 300px) 100vw, 300px\" \/><\/a><\/strong><\/p>\n<p class=\"western\" lang=\"zxx\" align=\"justify\">I genitori con uno stile autoritario sono guidati da principi molto rigidi, impongono le regole ai propri figli senza fornire alcuna spiegazione, alzano spesso la voce e perdono la pazienza, non accettano di essere contarddetti, a meno di severe punizioni. Esercitano un eccessivo controllo sul comportamento dei figli, indipendentemente dall&#8217;et\u00e0 e dal contesto in cui si trovano. Si dimostrano scarsamente affettuosi, apparendo distanti e a volte freddi.<\/p>\n<p class=\"western\" lang=\"zxx\" align=\"justify\"><strong>STILE PERMISSIVO\/LASSISTA:\u00a0<\/strong><\/p>\n<p class=\"western\" lang=\"zxx\" align=\"justify\"><strong><a href=\"https:\/\/www.rosaannavillani.it\/blog\/wp-content\/uploads\/2014\/06\/bambini-attivi.jpg\"><img loading=\"lazy\" decoding=\"async\" class=\"alignnone size-medium wp-image-9\" src=\"https:\/\/www.rosaannavillani.it\/blog\/wp-content\/uploads\/2014\/06\/bambini-attivi-300x170.jpg\" alt=\"bambini-attivi\" width=\"300\" height=\"170\" srcset=\"https:\/\/www.rosaannavillani.it\/blog\/wp-content\/uploads\/2014\/06\/bambini-attivi-300x170.jpg 300w, https:\/\/www.rosaannavillani.it\/blog\/wp-content\/uploads\/2014\/06\/bambini-attivi.jpg 454w\" sizes=\"auto, (max-width: 300px) 100vw, 300px\" \/><\/a><\/strong><\/p>\n<p class=\"western\" lang=\"zxx\" align=\"justify\">I genitori permissivi esigono poco dai figli, hanno difficolt\u00e0 ad imporre delle regole e a farle rispettare qualora ci siano. Lasciano il bambino libero di esprimere i priopri bisogni ma anche di autoregolarsi, senza alcun limite. Non esercitano alcun controllo sulla vita dei figli, n\u00e9 durante l&#8217;infanzia n\u00e9 dopo. Sono affettuosi, accettanti e pieni di attenzioni, estremamente tolleranti nei confronti dei comportamenti, richieste e desideri del bambino. Il livello comunicativo \u00e8 buono o molto buono. Questi genitori richiedono raramente comportamenti maturi ai propri figli, e tendono a soddisfare tutte le loro richieste.<\/p>\n<p class=\"western\" lang=\"zxx\" align=\"justify\"><span style=\"font-family: 'Times New Roman', serif;\">Questo stile educativo non produce risultati migliori rispetto al precedente. Generalmente la mancanza di regole provoca confusione, disorientamento e angosce nei minori. Questi ultimi, in assenza di un&#8217;autorit\u00e0 genitoriale, non percepiscono punti di riferimento e una guida sicura, per cui potrebbero sperimentare un falso senso di onnipotenza, da cui possono derivare notevoli problemi nelle relazioni sociali e nell&#8217;inserimento in gruppi amicali, soprattutto durante l&#8217;adolescenza, in cui possono manifestarsi comportamenti di tipo antisociale.<\/span><\/p>\n<p class=\"western\" lang=\"zxx\" align=\"justify\"><strong>STILE AUTOREVOLE:\u00a0<a href=\"https:\/\/www.rosaannavillani.it\/blog\/wp-content\/uploads\/2014\/06\/stili-educativi.jpg\"><img loading=\"lazy\" decoding=\"async\" class=\"alignnone size-full wp-image-10\" src=\"https:\/\/www.rosaannavillani.it\/blog\/wp-content\/uploads\/2014\/06\/stili-educativi.jpg\" alt=\"stili-educativi\" width=\"200\" height=\"172\" \/><\/a><\/strong><\/p>\n<p class=\"western\" lang=\"zxx\" align=\"justify\">I genitori autorevoli stabiliscono delle regole chiare e coerenti per i propri figli e pongono loro dei limiti laddove ce ne fosse bisogno. Ascoltano le richieste e le domande di chiarificazione dei figli, sono interessati alla loro opinione e disponibili alla negoziazione. Spiegano il perch\u00e8 di eventuali divieti o obbligazioni. La comunicazione tra genitore e figlio \u00e8 efficace.<\/p>\n<p class=\"western\" lang=\"zxx\" align=\"justify\"><span style=\"font-family: 'Times New Roman', serif;\">I genitori sono affettuosi e caldi. Ai figli vengono richiesti comportamenti maturi e appropriati alla loro et\u00e0.<\/span><\/p>\n<p class=\"western\" lang=\"zxx\" align=\"justify\"><span style=\"font-family: 'Times New Roman', serif;\">\u00e8 altamente probabile che, in tale clima familiare, i minori sviluppino buoni livelli di autostima e fiducia in se stessi, autonomia, maturit\u00e0 e competenza affettiva e sociale. Sono rispettosi delle regole ma non le seguono passivamente, le interiorizzano e le fanno proprie.<\/span><\/p>\n<p class=\"western\" lang=\"zxx\" align=\"justify\"><span style=\"font-family: 'Times New Roman', serif;\">Tale stile educativo incoraggia il bambino ad essere autonomo dai genitori e, soprattutto, a sviluppare la sua personalit\u00e0.<\/span><\/p>\n<p class=\"western\" lang=\"zxx\" align=\"justify\"><span style=\"font-family: 'Times New Roman', serif;\">Questi bambini avranno minori difficolt\u00e0 di relazione con i coetanei e saranno pi\u00f9 competenti nell&#8217;esprimere e portare avanti le proprie idee. Questo \u00e8 lo stile educativo pi\u00f9 consono ad una buona educazione del bambino.<\/span><\/p>\n<p class=\"western\" lang=\"zxx\" align=\"justify\"><span style=\"font-family: 'Times New Roman', serif;\">I genitori spesso non aderiscono ad un unico stile educativo e si ritrovano a variare combinando diversi atteggiamenti in base alle situazioni e circostanze. L&#8217;importante \u00e8 riuscire a mantenere una certa coerenza verso il bambino e accettare di non essere perfetti! Si pu\u00f2 sbagliare! L&#8217;importante \u00e8 ammettere l&#8217;errore con se stessi e con i propri figli.<\/span><\/p>\n<p class=\"western\" lang=\"zxx\" align=\"justify\">Questi sono i principali stili educativi ma ve ne sono altri ovvero:<\/p>\n<p class=\"western\" lang=\"zxx\" align=\"justify\"><span style=\"font-family: 'Times New Roman', serif;\">&#8211; lo stile trascurante, e<\/span><\/p>\n<p class=\"western\" lang=\"zxx\" align=\"justify\"><span style=\"font-family: 'Times New Roman', serif;\">&#8211; lo stile iperprotettivo.<\/span><\/p>\n<p class=\"western\" lang=\"zxx\" align=\"justify\">Bisogna allenarsi ed imparare ad essere:<\/p>\n<p class=\"western\" lang=\"zxx\" align=\"justify\"><strong>&#8211; DEMOCRATICI,<\/strong><\/p>\n<p class=\"western\" lang=\"zxx\" align=\"justify\"><strong><span style=\"font-family: 'Times New Roman', serif;\">&#8211; AUTOREVOLI \u00a0e<\/span><\/strong><\/p>\n<p class=\"western\" lang=\"zxx\" align=\"justify\"><span style=\"font-family: 'Times New Roman', serif;\"><strong>&#8211; ASSERTIVI<\/strong> ( tenere conto del punto di vista dell&#8217;altro, si cerca di trovare\u00a0<\/span>insieme un compromesso al fine di salvaguardare il\u00a0rapporto\/la relazione ).<\/p>\n<p class=\"western\" lang=\"zxx\" align=\"justify\">e non:<\/p>\n<p class=\"western\" lang=\"zxx\" align=\"justify\"><strong>&#8211; PASSIVI,<\/strong><\/p>\n<p class=\"western\" lang=\"zxx\" align=\"justify\"><strong><span style=\"font-family: 'Times New Roman', serif;\">&#8211; AGGRESSIVI,<\/span><\/strong><\/p>\n<p class=\"western\" lang=\"zxx\" align=\"justify\"><strong><span style=\"font-family: 'Times New Roman', serif;\">&#8211; PERMISSIVI,<\/span><\/strong><\/p>\n<p class=\"western\" lang=\"zxx\" align=\"justify\"><strong><span style=\"font-family: 'Times New Roman', serif;\">&#8211; TRASCURANTI,<\/span><\/strong><\/p>\n<p class=\"western\" lang=\"zxx\" align=\"justify\"><strong><span style=\"font-family: 'Times New Roman', serif;\">&#8211; IPERPROTTETTIVI o<\/span><\/strong><\/p>\n<p class=\"western\" lang=\"zxx\" align=\"justify\"><strong><span style=\"font-family: 'Times New Roman', serif;\">&#8211; AUTORITARI<\/span><\/strong><\/p>\n<p class=\"western\" lang=\"zxx\" align=\"justify\">Essere:<\/p>\n<p class=\"western\" lang=\"zxx\" align=\"justify\"><span style=\"font-family: 'Times New Roman', serif;\"><strong>AUTORITARIO, AUTOREVOLE, PERMISSIVO o IPERPROTETTIVO<\/strong> rappresenta uno o pi\u00f9 stili educativi che si possono utilizzare;<\/span><\/p>\n<p class=\"western\" lang=\"zxx\" align=\"justify\"><span style=\"font-family: 'Times New Roman', serif;\">essere:<\/span><\/p>\n<p class=\"western\" lang=\"zxx\" align=\"justify\"><span style=\"font-family: 'Times New Roman', serif;\"><strong>PASSIVO, AGGRESSIVO O ASSERTIVO<\/strong> rappresenta la modalit\u00e0 comunicativa utilizzata in una determinata circostanza.<\/span><\/p>\n<p class=\"western\" lang=\"zxx\" align=\"justify\"><span style=\"font-family: 'Times New Roman', serif;\">La maggior parte delle volte si usano diversi tipi di modalit\u00e0 comunicative in base alle circostanze.<\/span><\/p>\n<p class=\"western\" lang=\"zxx\" align=\"justify\"><span style=\"font-family: 'Times New Roman', serif;\">Anche per quanto riguarda gli stili educativi spesso, se ne usano diversi in base alle circostanze: ma quello prevalente \u00e8 uno solo, in base alla personalit\u00e0, quindi alle esperienze e al carattere della persona!<\/span><\/p>\n","protected":false},"excerpt":{"rendered":"<p>Rappresentazioni mentali: &#8211; Le prime forme di attaccamento avvengono nei primi rapporti con il mondo circostante, formando dei quadri di riferimento, cio\u00e8 delle rappresentazioni mentali del mondo. &#8211; La figura di attaccamento \u00e8 la persona che si prende cura del bambino e rappresenta la sua base sicura. &#8211; L&#8217;attaccamento si sviluppa nei primi 9 mesi &hellip; <a href=\"https:\/\/www.rosaannavillani.it\/blog\/archives\/6\" class=\"more-link\">Continua la lettura di <span class=\"screen-reader-text\">Stili Educativi E Tipi di Attaccamento<\/span> <span class=\"meta-nav\">&rarr;<\/span><\/a><\/p>\n","protected":false},"author":1,"featured_media":0,"comment_status":"open","ping_status":"open","sticky":false,"template":"","format":"standard","meta":{"footnotes":""},"categories":[6],"tags":[],"class_list":["post-6","post","type-post","status-publish","format-standard","hentry","category-coppia-famiglia"],"_links":{"self":[{"href":"https:\/\/www.rosaannavillani.it\/blog\/wp-json\/wp\/v2\/posts\/6","targetHints":{"allow":["GET"]}}],"collection":[{"href":"https:\/\/www.rosaannavillani.it\/blog\/wp-json\/wp\/v2\/posts"}],"about":[{"href":"https:\/\/www.rosaannavillani.it\/blog\/wp-json\/wp\/v2\/types\/post"}],"author":[{"embeddable":true,"href":"https:\/\/www.rosaannavillani.it\/blog\/wp-json\/wp\/v2\/users\/1"}],"replies":[{"embeddable":true,"href":"https:\/\/www.rosaannavillani.it\/blog\/wp-json\/wp\/v2\/comments?post=6"}],"version-history":[{"count":2,"href":"https:\/\/www.rosaannavillani.it\/blog\/wp-json\/wp\/v2\/posts\/6\/revisions"}],"predecessor-version":[{"id":12,"href":"https:\/\/www.rosaannavillani.it\/blog\/wp-json\/wp\/v2\/posts\/6\/revisions\/12"}],"wp:attachment":[{"href":"https:\/\/www.rosaannavillani.it\/blog\/wp-json\/wp\/v2\/media?parent=6"}],"wp:term":[{"taxonomy":"category","embeddable":true,"href":"https:\/\/www.rosaannavillani.it\/blog\/wp-json\/wp\/v2\/categories?post=6"},{"taxonomy":"post_tag","embeddable":true,"href":"https:\/\/www.rosaannavillani.it\/blog\/wp-json\/wp\/v2\/tags?post=6"}],"curies":[{"name":"wp","href":"https:\/\/api.w.org\/{rel}","templated":true}]}}